{"id":6952,"date":"2024-10-09T13:45:23","date_gmt":"2024-10-09T13:45:23","guid":{"rendered":"https:\/\/www.isoltech.it\/exposants-a-bau-2025\/"},"modified":"2024-11-14T14:08:58","modified_gmt":"2024-11-14T14:08:58","slug":"exposants-a-bau-2025","status":"publish","type":"post","link":"https:\/\/www.isoltech.it\/fr\/exposants-a-bau-2025\/","title":{"rendered":"Exposants \u00e0 BAU 2025"},"content":{"rendered":"\n<h2 class=\"wp-block-heading\">Du 13 au 17 janvier 2025 \u00e0 Munich  <\/h2>\n\n<p><span style=\"white-space: normal; font-size: medium;\">ISOLTECH a le plaisir d&rsquo;annoncer sa participation \u00e0 <strong>BAU 2025<\/strong>, le principal salon europ\u00e9en consacr\u00e9 \u00e0 l&rsquo;industrie de la construction, aux techniques, mat\u00e9riaux et syst\u00e8mes de construction, qui se tiendra \u00e0 Munich du 13 au 17 janvier 2025. <\/span><\/p>\n\n<p><span style=\"white-space: normal; font-size: medium;\">Nous invitons les professionnels de la construction, les planificateurs et les architectes \u00e0 visiter notre stand pour d\u00e9couvrir nos derni\u00e8res innovations en mati\u00e8re de construction durable. Nous sommes \u00e0  <\/span><strong style=\"white-space: normal;\">Hall A1, stand 533<\/strong>.<\/p>\n\n<p><\/p>\n","protected":false},"excerpt":{"rendered":"<p>Du 13 au 17 janvier 2025 \u00e0 Munich ISOLTECH a le plaisir d&rsquo;annoncer sa participation \u00e0 BAU 2025, le principal salon europ\u00e9en consacr\u00e9 \u00e0 l&rsquo;industrie de la construction, aux techniques, mat\u00e9riaux et syst\u00e8mes de construction, qui se tiendra \u00e0 Munich du 13 au 17 janvier 2025. Nous invitons les professionnels de la construction, les planificateurs [&hellip;]<\/p>\n","protected":false},"author":2,"featured_media":6941,"comment_status":"open","ping_status":"open","sticky":false,"template":"","format":"standard","meta":{"footnotes":""},"categories":[52],"tags":[],"class_list":["post-6952","post","type-post","status-publish","format-standard","has-post-thumbnail","hentry","category-salon"],"yoast_head":"<!-- This site is optimized with the Yoast SEO plugin v25.3 - https:\/\/yoast.com\/wordpress\/plugins\/seo\/ -->\n<title>Exposants \u00e0 BAU 2025<\/title>\n<meta name=\"description\" content=\"Isoltech sera exposant \u00e0 BAU 2025 du 13 au 17 janvier 2025 \u00e0 Munich Hall A1, Stand 533.\" \/>\n<meta name=\"robots\" content=\"index, follow, max-snippet:-1, max-image-preview:large, max-video-preview:-1\" \/>\n<link rel=\"canonical\" href=\"https:\/\/www.isoltech.it\/fr\/exposants-a-bau-2025\/\" \/>\n<meta property=\"og:locale\" content=\"fr_FR\" \/>\n<meta property=\"og:type\" content=\"article\" \/>\n<meta property=\"og:title\" content=\"Exposants \u00e0 BAU 2025\" \/>\n<meta property=\"og:description\" content=\"Isoltech sera exposant \u00e0 BAU 2025 du 13 au 17 janvier 2025 \u00e0 Munich Hall A1, Stand 533.\" \/>\n<meta property=\"og:url\" content=\"https:\/\/www.isoltech.it\/fr\/exposants-a-bau-2025\/\" \/>\n<meta property=\"og:site_name\" content=\"Isoltech\" \/>\n<meta property=\"article:published_time\" content=\"2024-10-09T13:45:23+00:00\" \/>\n<meta property=\"article:modified_time\" content=\"2024-11-14T14:08:58+00:00\" \/>\n<meta property=\"og:image\" content=\"https:\/\/www.isoltech.it\/wp-content\/uploads\/2024\/11\/Bau-Munchen-2025.png\" \/>\n\t<meta property=\"og:image:width\" content=\"1384\" \/>\n\t<meta property=\"og:image:height\" content=\"788\" \/>\n\t<meta property=\"og:image:type\" content=\"image\/png\" \/>\n<meta name=\"author\" content=\"goinweb\" \/>\n<meta name=\"twitter:card\" content=\"summary_large_image\" \/>\n<meta name=\"twitter:label1\" content=\"\u00c9crit par\" \/>\n\t<meta name=\"twitter:data1\" content=\"goinweb\" \/>\n<script type=\"application\/ld+json\" class=\"yoast-schema-graph\">{\"@context\":\"https:\/\/schema.org\",\"@graph\":[{\"@type\":\"WebPage\",\"@id\":\"https:\/\/www.isoltech.it\/fr\/exposants-a-bau-2025\/\",\"url\":\"https:\/\/www.isoltech.it\/fr\/exposants-a-bau-2025\/\",\"name\":\"Exposants \u00e0 BAU 2025\",\"isPartOf\":{\"@id\":\"https:\/\/www.isoltech.it\/fr\/#website\"},\"primaryImageOfPage\":{\"@id\":\"https:\/\/www.isoltech.it\/fr\/exposants-a-bau-2025\/#primaryimage\"},\"image\":{\"@id\":\"https:\/\/www.isoltech.it\/fr\/exposants-a-bau-2025\/#primaryimage\"},\"thumbnailUrl\":\"https:\/\/www.isoltech.it\/wp-content\/uploads\/2024\/11\/Bau-Munchen-2025.png\",\"datePublished\":\"2024-10-09T13:45:23+00:00\",\"dateModified\":\"2024-11-14T14:08:58+00:00\",\"author\":{\"@id\":\"https:\/\/www.isoltech.it\/fr\/#\/schema\/person\/045ef5d721c66c073f78cee1dce7263d\"},\"description\":\"Isoltech sera exposant \u00e0 BAU 2025 du 13 au 17 janvier 2025 \u00e0 Munich Hall A1, Stand 533.\",\"breadcrumb\":{\"@id\":\"https:\/\/www.isoltech.it\/fr\/exposants-a-bau-2025\/#breadcrumb\"},\"inLanguage\":\"fr-FR\",\"potentialAction\":[{\"@type\":\"ReadAction\",\"target\":[\"https:\/\/www.isoltech.it\/fr\/exposants-a-bau-2025\/\"]}]},{\"@type\":\"ImageObject\",\"inLanguage\":\"fr-FR\",\"@id\":\"https:\/\/www.isoltech.it\/fr\/exposants-a-bau-2025\/#primaryimage\",\"url\":\"https:\/\/www.isoltech.it\/wp-content\/uploads\/2024\/11\/Bau-Munchen-2025.png\",\"contentUrl\":\"https:\/\/www.isoltech.it\/wp-content\/uploads\/2024\/11\/Bau-Munchen-2025.png\",\"width\":1384,\"height\":788,\"caption\":\"banner fiera bau 2025\"},{\"@type\":\"BreadcrumbList\",\"@id\":\"https:\/\/www.isoltech.it\/fr\/exposants-a-bau-2025\/#breadcrumb\",\"itemListElement\":[{\"@type\":\"ListItem\",\"position\":1,\"name\":\"Home\",\"item\":\"https:\/\/www.isoltech.it\/fr\/\"},{\"@type\":\"ListItem\",\"position\":2,\"name\":\"Exposants \u00e0 BAU 2025\"}]},{\"@type\":\"WebSite\",\"@id\":\"https:\/\/www.isoltech.it\/fr\/#website\",\"url\":\"https:\/\/www.isoltech.it\/fr\/\",\"name\":\"Isoltech\",\"description\":\"cemento cellulare\",\"potentialAction\":[{\"@type\":\"SearchAction\",\"target\":{\"@type\":\"EntryPoint\",\"urlTemplate\":\"https:\/\/www.isoltech.it\/fr\/?s={search_term_string}\"},\"query-input\":{\"@type\":\"PropertyValueSpecification\",\"valueRequired\":true,\"valueName\":\"search_term_string\"}}],\"inLanguage\":\"fr-FR\"},{\"@type\":\"Person\",\"@id\":\"https:\/\/www.isoltech.it\/fr\/#\/schema\/person\/045ef5d721c66c073f78cee1dce7263d\",\"name\":\"goinweb\",\"image\":{\"@type\":\"ImageObject\",\"inLanguage\":\"fr-FR\",\"@id\":\"https:\/\/www.isoltech.it\/fr\/#\/schema\/person\/image\/\",\"url\":\"https:\/\/secure.gravatar.com\/avatar\/0c8520c37cac26e58e787be1133c51c384a0f1fd0428812b4090413439f2eef9?s=96&d=mm&r=g\",\"contentUrl\":\"https:\/\/secure.gravatar.com\/avatar\/0c8520c37cac26e58e787be1133c51c384a0f1fd0428812b4090413439f2eef9?s=96&d=mm&r=g\",\"caption\":\"goinweb\"},\"url\":\"https:\/\/www.isoltech.it\/fr\/author\/goinweb\/\"}]}<\/script>\n<!-- \/ Yoast SEO plugin. -->","yoast_head_json":{"title":"Exposants \u00e0 BAU 2025","description":"Isoltech sera exposant \u00e0 BAU 2025 du 13 au 17 janvier 2025 \u00e0 Munich Hall A1, Stand 533.","robots":{"index":"index","follow":"follow","max-snippet":"max-snippet:-1","max-image-preview":"max-image-preview:large","max-video-preview":"max-video-preview:-1"},"canonical":"https:\/\/www.isoltech.it\/fr\/exposants-a-bau-2025\/","og_locale":"fr_FR","og_type":"article","og_title":"Exposants \u00e0 BAU 2025","og_description":"Isoltech sera exposant \u00e0 BAU 2025 du 13 au 17 janvier 2025 \u00e0 Munich Hall A1, Stand 533.","og_url":"https:\/\/www.isoltech.it\/fr\/exposants-a-bau-2025\/","og_site_name":"Isoltech","article_published_time":"2024-10-09T13:45:23+00:00","article_modified_time":"2024-11-14T14:08:58+00:00","og_image":[{"width":1384,"height":788,"url":"https:\/\/www.isoltech.it\/wp-content\/uploads\/2024\/11\/Bau-Munchen-2025.png","type":"image\/png"}],"author":"goinweb","twitter_card":"summary_large_image","twitter_misc":{"\u00c9crit par":"goinweb"},"schema":{"@context":"https:\/\/schema.org","@graph":[{"@type":"WebPage","@id":"https:\/\/www.isoltech.it\/fr\/exposants-a-bau-2025\/","url":"https:\/\/www.isoltech.it\/fr\/exposants-a-bau-2025\/","name":"Exposants \u00e0 BAU 2025","isPartOf":{"@id":"https:\/\/www.isoltech.it\/fr\/#website"},"primaryImageOfPage":{"@id":"https:\/\/www.isoltech.it\/fr\/exposants-a-bau-2025\/#primaryimage"},"image":{"@id":"https:\/\/www.isoltech.it\/fr\/exposants-a-bau-2025\/#primaryimage"},"thumbnailUrl":"https:\/\/www.isoltech.it\/wp-content\/uploads\/2024\/11\/Bau-Munchen-2025.png","datePublished":"2024-10-09T13:45:23+00:00","dateModified":"2024-11-14T14:08:58+00:00","author":{"@id":"https:\/\/www.isoltech.it\/fr\/#\/schema\/person\/045ef5d721c66c073f78cee1dce7263d"},"description":"Isoltech sera exposant \u00e0 BAU 2025 du 13 au 17 janvier 2025 \u00e0 Munich Hall A1, Stand 533.","breadcrumb":{"@id":"https:\/\/www.isoltech.it\/fr\/exposants-a-bau-2025\/#breadcrumb"},"inLanguage":"fr-FR","potentialAction":[{"@type":"ReadAction","target":["https:\/\/www.isoltech.it\/fr\/exposants-a-bau-2025\/"]}]},{"@type":"ImageObject","inLanguage":"fr-FR","@id":"https:\/\/www.isoltech.it\/fr\/exposants-a-bau-2025\/#primaryimage","url":"https:\/\/www.isoltech.it\/wp-content\/uploads\/2024\/11\/Bau-Munchen-2025.png","contentUrl":"https:\/\/www.isoltech.it\/wp-content\/uploads\/2024\/11\/Bau-Munchen-2025.png","width":1384,"height":788,"caption":"banner fiera bau 2025"},{"@type":"BreadcrumbList","@id":"https:\/\/www.isoltech.it\/fr\/exposants-a-bau-2025\/#breadcrumb","itemListElement":[{"@type":"ListItem","position":1,"name":"Home","item":"https:\/\/www.isoltech.it\/fr\/"},{"@type":"ListItem","position":2,"name":"Exposants \u00e0 BAU 2025"}]},{"@type":"WebSite","@id":"https:\/\/www.isoltech.it\/fr\/#website","url":"https:\/\/www.isoltech.it\/fr\/","name":"Isoltech","description":"cemento cellulare","potentialAction":[{"@type":"SearchAction","target":{"@type":"EntryPoint","urlTemplate":"https:\/\/www.isoltech.it\/fr\/?s={search_term_string}"},"query-input":{"@type":"PropertyValueSpecification","valueRequired":true,"valueName":"search_term_string"}}],"inLanguage":"fr-FR"},{"@type":"Person","@id":"https:\/\/www.isoltech.it\/fr\/#\/schema\/person\/045ef5d721c66c073f78cee1dce7263d","name":"goinweb","image":{"@type":"ImageObject","inLanguage":"fr-FR","@id":"https:\/\/www.isoltech.it\/fr\/#\/schema\/person\/image\/","url":"https:\/\/secure.gravatar.com\/avatar\/0c8520c37cac26e58e787be1133c51c384a0f1fd0428812b4090413439f2eef9?s=96&d=mm&r=g","contentUrl":"https:\/\/secure.gravatar.com\/avatar\/0c8520c37cac26e58e787be1133c51c384a0f1fd0428812b4090413439f2eef9?s=96&d=mm&r=g","caption":"goinweb"},"url":"https:\/\/www.isoltech.it\/fr\/author\/goinweb\/"}]}},"_links":{"self":[{"href":"https:\/\/www.isoltech.it\/fr\/wp-json\/wp\/v2\/posts\/6952","targetHints":{"allow":["GET"]}}],"collection":[{"href":"https:\/\/www.isoltech.it\/fr\/wp-json\/wp\/v2\/posts"}],"about":[{"href":"https:\/\/www.isoltech.it\/fr\/wp-json\/wp\/v2\/types\/post"}],"author":[{"embeddable":true,"href":"https:\/\/www.isoltech.it\/fr\/wp-json\/wp\/v2\/users\/2"}],"replies":[{"embeddable":true,"href":"https:\/\/www.isoltech.it\/fr\/wp-json\/wp\/v2\/comments?post=6952"}],"version-history":[{"count":1,"href":"https:\/\/www.isoltech.it\/fr\/wp-json\/wp\/v2\/posts\/6952\/revisions"}],"predecessor-version":[{"id":6953,"href":"https:\/\/www.isoltech.it\/fr\/wp-json\/wp\/v2\/posts\/6952\/revisions\/6953"}],"wp:featuredmedia":[{"embeddable":true,"href":"https:\/\/www.isoltech.it\/fr\/wp-json\/wp\/v2\/media\/6941"}],"wp:attachment":[{"href":"https:\/\/www.isoltech.it\/fr\/wp-json\/wp\/v2\/media?parent=6952"}],"wp:term":[{"taxonomy":"category","embeddable":true,"href":"https:\/\/www.isoltech.it\/fr\/wp-json\/wp\/v2\/categories?post=6952"},{"taxonomy":"post_tag","embeddable":true,"href":"https:\/\/www.isoltech.it\/fr\/wp-json\/wp\/v2\/tags?post=6952"}],"curies":[{"name":"wp","href":"https:\/\/api.w.org\/{rel}","templated":true}]}}